{"id":50868,"date":"2023-10-24T13:42:47","date_gmt":"2023-10-24T19:42:47","guid":{"rendered":"https:\/\/invatica.com\/?p=50868"},"modified":"2023-10-24T13:42:47","modified_gmt":"2023-10-24T19:42:47","slug":"supera-las-expectativas-la-expo-feria-octubrina","status":"publish","type":"post","link":"https:\/\/invatica.com\/?p=50868","title":{"rendered":"Supera las expectativas la Expo Feria Octubrina"},"content":{"rendered":"\n<p><br>Apatzing\u00e1n, Mich.- a 24 de Octubre del 2023.- El presidente municipal, Jos\u00e9 Luis Cruz Lucatero destac\u00f3 que la Expo Feria Octubrina, super\u00f3 las expectativas en los primeros 10 d\u00edas logrando la afluencia de m\u00e1s de 60 mil personas en el Teatro del Pueblo y las instalaciones del Recinto Ferial.<br>Durante la entrevista, el presidente Cruz Lucatero, inform\u00f3 que la edici\u00f3n 2023 del Aniversario de la Constituci\u00f3n le gust\u00f3 a la gente por la calidad de los espect\u00e1culos, de acuerdo a la gran mayor\u00eda de comentarios vertidos en redes sociales, la ciudadan\u00eda destac\u00f3 la excelente cartelera en el Teatro del Pueblo que por cuatro d\u00edas seguidos ha registrado una asistencia de m\u00e1s de 10 mil ciudadanos.<br>Ante el lleno total en el Teatro del Pueblo, el alcalde, dijo que las gradas ya resultaron insuficientes por lo que se comprometi\u00f3 a que, antes de que concluya su administraci\u00f3n presentar\u00e1 un proyecto para la ampliaci\u00f3n de las gradas, \u201cresultan insuficientes las gradas que est\u00e1n calculadas son para 7 a mil personas\u201d por ello, reiter\u00f3 \u201cdejar\u00e9 un proyecto elaborado para que las pr\u00f3ximas administraciones lo ejecuten\u201d.<br>El presidente, Jos\u00e9 Luis Cruz, agradeci\u00f3 tambi\u00e9n a los ciudadanos que se dieron cita para apreciar el desfile del 22 de octubre, el cual en los \u00faltimos a\u00f1os ha sido de los m\u00e1s representativos y vistosos del Estado.<br>Finalmente, el alcalde, reiter\u00f3 la invitaci\u00f3n para que los ciudadanos sigan asistiendo a la Expo Feriz Octubrina 2023 a disfrutar de la \u00faltima semana de presentaciones tales como Saul el Jaguar; Banda Maguey; Pepe Morf\u00edn; Bely y Beto y para cerrar con broche de oro, Paquita La del Barrio el domingo 29 de octubre.<\/p>\n","protected":false},"excerpt":{"rendered":"<p>Apatzing\u00e1n, Mich.- a 24 de Octubre del 2023.- El presidente municipal, Jos\u00e9 Luis Cruz Lucatero destac\u00f3 que la Expo Feria Octubrina, super\u00f3 las expectativas en&#8230;<\/p>\n","protected":false},"author":2,"featured_media":50867,"comment_status":"open","ping_status":"open","sticky":false,"template":"","format":"standard","meta":{"om_disable_all_campaigns":false,"_monsterinsights_skip_tracking":false,"_monsterinsights_sitenote_active":false,"_monsterinsights_sitenote_note":"","_monsterinsights_sitenote_category":0},"categories":[2],"tags":[],"jetpack_featured_media_url":"https:\/\/invatica.com\/wp-content\/uploads\/2023\/10\/405c5a73-b151-4e36-9a25-c3a96587665c-1.jpg","_links":{"self":[{"href":"https:\/\/invatica.com\/index.php?rest_route=\/wp\/v2\/posts\/50868"}],"collection":[{"href":"https:\/\/invatica.com\/index.php?rest_route=\/wp\/v2\/posts"}],"about":[{"href":"https:\/\/invatica.com\/index.php?rest_route=\/wp\/v2\/types\/post"}],"author":[{"embeddable":true,"href":"https:\/\/invatica.com\/index.php?rest_route=\/wp\/v2\/users\/2"}],"replies":[{"embeddable":true,"href":"https:\/\/invatica.com\/index.php?rest_route=%2Fwp%2Fv2%2Fcomments&post=50868"}],"version-history":[{"count":0,"href":"https:\/\/invatica.com\/index.php?rest_route=\/wp\/v2\/posts\/50868\/revisions"}],"wp:featuredmedia":[{"embeddable":true,"href":"https:\/\/invatica.com\/index.php?rest_route=\/wp\/v2\/media\/50867"}],"wp:attachment":[{"href":"https:\/\/invatica.com\/index.php?rest_route=%2Fwp%2Fv2%2Fmedia&parent=50868"}],"wp:term":[{"taxonomy":"category","embeddable":true,"href":"https:\/\/invatica.com\/index.php?rest_route=%2Fwp%2Fv2%2Fcategories&post=50868"},{"taxonomy":"post_tag","embeddable":true,"href":"https:\/\/invatica.com\/index.php?rest_route=%2Fwp%2Fv2%2Ftags&post=50868"}],"curies":[{"name":"wp","href":"https:\/\/api.w.org\/{rel}","templated":true}]}}