{"id":51013,"date":"2025-01-31T11:56:47","date_gmt":"2025-01-31T17:56:47","guid":{"rendered":"https:\/\/invatica.com\/?p=51013"},"modified":"2025-01-31T11:56:47","modified_gmt":"2025-01-31T17:56:47","slug":"el-vivero-municipal-de-apatzingan-hace-donacion-para-la-reforestacion-de-jardineras-del-cecytem","status":"publish","type":"post","link":"https:\/\/invatica.com\/?p=51013","title":{"rendered":"El Vivero Municipal de Apatzing\u00e1n hace donaci\u00f3n para la reforestacion de jardineras del Cecytem."},"content":{"rendered":"\n<p><\/p>\n\n\n\n<p>Apatzing\u00e1n Michoac\u00e1n a 31 de enero del 2025.- Bajo la direcci\u00f3n de la Presidenta Fanny Arreola, ha demostrado su compromiso con el medio ambiente mediante la donaci\u00f3n de 49 plantas de diferentes especies para reforestar las jardineras del plantel de Cecytem 09 en Apatzing\u00e1n.<\/p>\n\n\n\n<p>Las especies donadas incluyen palmas, tulipanes, camelinas, tel\u00e9fonos, edzora, mu\u00f1ecas, entre otras, que no solo embellecer\u00e1n el entorno, sino que tambi\u00e9n contribuir\u00e1n a la conservaci\u00f3n del medio ambiente y la biodiversidad local.<\/p>\n\n\n\n<p>Esta iniciativa se enmarca en el compromiso de la Presidenta Fanny Arreola de promover la conciencia ambiental y fomentar la participaci\u00f3n ciudadana en la protecci\u00f3n del medio ambiente. El Vivero Municipal de Apatzing\u00e1n ha sido un aliado clave en esta tarea, trabajando en estrecha colaboraci\u00f3n con la comunidad educativa y los residentes de Apatzing\u00e1n para crear un entorno m\u00e1s sostenible y saludable.<\/p>\n\n\n\n<p>Con esta donaci\u00f3n, el plantel de Cecytem 09 podr\u00e1 disfrutar de un espacio verde m\u00e1s atractivo y educativo, donde los estudiantes puedan aprender sobre la importancia de la conservaci\u00f3n del medio ambiente y la biodiversidad.<\/p>\n\n\n\n<p><\/p>\n","protected":false},"excerpt":{"rendered":"<p>Apatzing\u00e1n Michoac\u00e1n a 31 de enero del 2025.- Bajo la direcci\u00f3n de la Presidenta Fanny Arreola, ha demostrado su compromiso con el medio ambiente mediante&#8230;<\/p>\n","protected":false},"author":2,"featured_media":51012,"comment_status":"open","ping_status":"open","sticky":false,"template":"","format":"standard","meta":{"om_disable_all_campaigns":false,"_monsterinsights_skip_tracking":false,"_monsterinsights_sitenote_active":false,"_monsterinsights_sitenote_note":"","_monsterinsights_sitenote_category":0},"categories":[2],"tags":[],"jetpack_featured_media_url":"https:\/\/invatica.com\/wp-content\/uploads\/2025\/01\/840d79f5-12a7-4c65-9649-c6c940ca065d-1-1.jpg","_links":{"self":[{"href":"https:\/\/invatica.com\/index.php?rest_route=\/wp\/v2\/posts\/51013"}],"collection":[{"href":"https:\/\/invatica.com\/index.php?rest_route=\/wp\/v2\/posts"}],"about":[{"href":"https:\/\/invatica.com\/index.php?rest_route=\/wp\/v2\/types\/post"}],"author":[{"embeddable":true,"href":"https:\/\/invatica.com\/index.php?rest_route=\/wp\/v2\/users\/2"}],"replies":[{"embeddable":true,"href":"https:\/\/invatica.com\/index.php?rest_route=%2Fwp%2Fv2%2Fcomments&post=51013"}],"version-history":[{"count":0,"href":"https:\/\/invatica.com\/index.php?rest_route=\/wp\/v2\/posts\/51013\/revisions"}],"wp:featuredmedia":[{"embeddable":true,"href":"https:\/\/invatica.com\/index.php?rest_route=\/wp\/v2\/media\/51012"}],"wp:attachment":[{"href":"https:\/\/invatica.com\/index.php?rest_route=%2Fwp%2Fv2%2Fmedia&parent=51013"}],"wp:term":[{"taxonomy":"category","embeddable":true,"href":"https:\/\/invatica.com\/index.php?rest_route=%2Fwp%2Fv2%2Fcategories&post=51013"},{"taxonomy":"post_tag","embeddable":true,"href":"https:\/\/invatica.com\/index.php?rest_route=%2Fwp%2Fv2%2Ftags&post=51013"}],"curies":[{"name":"wp","href":"https:\/\/api.w.org\/{rel}","templated":true}]}}